{"id":4477,"date":"2013-10-10T12:57:30","date_gmt":"2013-10-10T10:57:30","guid":{"rendered":"https:\/\/www.bmac.it\/salon-international-london-2013\/"},"modified":"2013-10-10T12:57:30","modified_gmt":"2013-10-10T10:57:30","slug":"salon-international-london-2013","status":"publish","type":"post","link":"https:\/\/www.bmac.it\/en\/salon-international-london-2013\/","title":{"rendered":"Salon International London 2013"},"content":{"rendered":"<p>Non sto pi\u00f9 nella pelle!<\/p>\n<p>Quest&#8217;anno ci voglio andare da matti al Salon, da matti. Il Salon \u00e8 forse l&#8217;unica fiera di settore che mi galvanizza ogni anno, quella che mi porta l&#8217;eccitazione di lavorarci, a mille. Quest&#8217;anno poi non parliamone, ho ridisegnato lo stand, ho scattato con la mia fida Leica io stesso il pannello 3&#215;3 che non sar\u00e0 una gran cosa ma a me piace un mondo. Insomma ho un desiderio incredibile di vedere la mia clientela italiana che sale come ogni anno a Londra per aggiornamenti importanti e soprattutto tantissimi clienti-amici esteri che vedo solo in occasione del Salon.<\/p>\n<p>Mi aspettano tre super giornate al mio stand D220!<\/p>\n<p>Vi dico solo che alla domenica avr\u00f2 come ospiti Mazella&amp;Palmer che presentano nell&#8217;occasione la nuova collezione autunno-inverno 2013 ispirata a Kenzo, ne ho visto qualche anteprima e vi consiglio di non perderla, alle 16 presso HJ entrata free, of course.<\/p>\n<p>Ho tipo anche un tre novit\u00e0 da presentare, due forbici mancine e la Genex che ancora \u00e8 in fase di rifinitura in sede a Niigata, dunque quello che vedrete altro non \u00e8 che un campione quasi definitivo, al massimo prendo qualche pre-ordine per chi non riesce ad aspettare !<\/p>\n<p>Oggi ho guardato il meteo e pare che non sia altro che pioggia, pioggia. Ma io amo quel clima, quel grigio che poi diventa sole e vento sferzante. Amo passeggiare durante qualche pausa relax sull&#8217;esterno dell&#8217; Excel, una sigaretta e poi di corsa allo stand.<\/p>\n<p>Poi Londra \u00e8 pub, pub e basta!<\/p>\n<p>A partire da quello giusto sotto l&#8217;Excel che diventa ritrovo dei migliori stilisti del mondo, si danno tutti appuntamento finiti i rispettivi show o seminari, per una bella pinta di bitta, tutti insieme. Qui da noi nel Belpaese non accadrebbe mai, a Londra si. Nessuno nega un complimento all&#8217;altro, una pacca sulla spalla, uno spettacolo nello spettacolo.<\/p>\n<p>Il mio pub inizia invece poco dopo quello sotto l&#8217;Excel e sono pinte di Guinness!<\/p>\n<p>Felice me torno in hotel, stanco leggermente su di giri e pronto per una doccia risanatrice.<\/p>\n<p>Insomma non vedo l&#8217;ora!<\/p>\n<p>Vi aspetto, stand D 220, mi raccomando.<\/p>\n<p>&nbsp;<\/p>\n<p>&nbsp;<\/p>\n","protected":false},"excerpt":{"rendered":"<p>Non sto pi\u00f9 nella pelle! Quest&#8217;anno ci voglio andare da matti al Salon, da matti. Il Salon \u00e8 forse l&#8217;unica fiera di settore che mi galvanizza ogni anno, quella che mi porta l&#8217;eccitazione di lavorarci, a mille. Quest&#8217;anno poi non parliamone, ho ridisegnato lo stand, ho scattato con la mia fida Leica io stesso il [&hellip;]<\/p>\n","protected":false},"author":7624,"featured_media":3577,"comment_status":"open","ping_status":"open","sticky":false,"template":"","format":"standard","meta":{"footnotes":""},"categories":[235,9],"tags":[237,278,248,273,274],"class_list":["post-4477","post","type-post","status-publish","format-standard","has-post-thumbnail","hentry","category-fiere-en","category-uncategorized","tag-bmacscissors-en","tag-lucamasper-en","tag-bmac-scissors-europe-en","tag-mazellapalmer-en","tag-salon-international-london-2013-en"],"yoast_head":"<!-- This site is optimized with the Yoast SEO plugin v27.4 - https:\/\/yoast.com\/product\/yoast-seo-wordpress\/ -->\n<title>Salon International London 2013 - Bmac Scissors Europe<\/title>\n<meta name=\"robots\" content=\"index, follow, max-snippet:-1, max-image-preview:large, max-video-preview:-1\" \/>\n<link rel=\"canonical\" href=\"https:\/\/www.bmac.it\/en\/salon-international-london-2013\/\" \/>\n<meta property=\"og:locale\" content=\"en_US\" \/>\n<meta property=\"og:type\" content=\"article\" \/>\n<meta property=\"og:title\" content=\"Salon International London 2013 - Bmac Scissors Europe\" \/>\n<meta property=\"og:description\" content=\"Non sto pi\u00f9 nella pelle! Quest&#8217;anno ci voglio andare da matti al Salon, da matti. Il Salon \u00e8 forse l&#8217;unica fiera di settore che mi galvanizza ogni anno, quella che mi porta l&#8217;eccitazione di lavorarci, a mille. Quest&#8217;anno poi non parliamone, ho ridisegnato lo stand, ho scattato con la mia fida Leica io stesso il [&hellip;]\" \/>\n<meta property=\"og:url\" content=\"https:\/\/www.bmac.it\/en\/salon-international-london-2013\/\" \/>\n<meta property=\"og:site_name\" content=\"Bmac Scissors Europe\" \/>\n<meta property=\"article:published_time\" content=\"2013-10-10T10:57:30+00:00\" \/>\n<meta property=\"og:image\" content=\"https:\/\/www.bmac.it\/wp-content\/uploads\/2013\/09\/luca1.jpg\" \/>\n\t<meta property=\"og:image:width\" content=\"1166\" \/>\n\t<meta property=\"og:image:height\" content=\"538\" \/>\n\t<meta property=\"og:image:type\" content=\"image\/jpeg\" \/>\n<meta name=\"author\" content=\"Bmac Scissors\" \/>\n<meta name=\"twitter:card\" content=\"summary_large_image\" \/>\n<meta name=\"twitter:label1\" content=\"Written by\" \/>\n\t<meta name=\"twitter:data1\" content=\"Bmac Scissors\" \/>\n\t<meta name=\"twitter:label2\" content=\"Est. reading time\" \/>\n\t<meta name=\"twitter:data2\" content=\"2 minutes\" \/>\n<script type=\"application\/ld+json\" class=\"yoast-schema-graph\">{\"@context\":\"https:\\\/\\\/schema.org\",\"@graph\":[{\"@type\":\"Article\",\"@id\":\"https:\\\/\\\/www.bmac.it\\\/en\\\/salon-international-london-2013\\\/#article\",\"isPartOf\":{\"@id\":\"https:\\\/\\\/www.bmac.it\\\/en\\\/salon-international-london-2013\\\/\"},\"author\":{\"name\":\"Bmac Scissors\",\"@id\":\"https:\\\/\\\/www.bmac.it\\\/en\\\/#\\\/schema\\\/person\\\/219e232896ac327d665ff3981c8a702d\"},\"headline\":\"Salon International London 2013\",\"datePublished\":\"2013-10-10T10:57:30+00:00\",\"mainEntityOfPage\":{\"@id\":\"https:\\\/\\\/www.bmac.it\\\/en\\\/salon-international-london-2013\\\/\"},\"wordCount\":360,\"commentCount\":0,\"image\":{\"@id\":\"https:\\\/\\\/www.bmac.it\\\/en\\\/salon-international-london-2013\\\/#primaryimage\"},\"thumbnailUrl\":\"https:\\\/\\\/www.bmac.it\\\/wp-content\\\/uploads\\\/2013\\\/09\\\/luca1.jpg\",\"keywords\":[\"#BMACScissors\",\"#lucamasper\",\"Bmac Scissors Europe\",\"mazella&amp;palmer\",\"salon international london 2013\"],\"articleSection\":[\"Fiere\"],\"inLanguage\":\"en-US\",\"potentialAction\":[{\"@type\":\"CommentAction\",\"name\":\"Comment\",\"target\":[\"https:\\\/\\\/www.bmac.it\\\/en\\\/salon-international-london-2013\\\/#respond\"]}]},{\"@type\":\"WebPage\",\"@id\":\"https:\\\/\\\/www.bmac.it\\\/en\\\/salon-international-london-2013\\\/\",\"url\":\"https:\\\/\\\/www.bmac.it\\\/en\\\/salon-international-london-2013\\\/\",\"name\":\"Salon International London 2013 - Bmac Scissors Europe\",\"isPartOf\":{\"@id\":\"https:\\\/\\\/www.bmac.it\\\/en\\\/#website\"},\"primaryImageOfPage\":{\"@id\":\"https:\\\/\\\/www.bmac.it\\\/en\\\/salon-international-london-2013\\\/#primaryimage\"},\"image\":{\"@id\":\"https:\\\/\\\/www.bmac.it\\\/en\\\/salon-international-london-2013\\\/#primaryimage\"},\"thumbnailUrl\":\"https:\\\/\\\/www.bmac.it\\\/wp-content\\\/uploads\\\/2013\\\/09\\\/luca1.jpg\",\"datePublished\":\"2013-10-10T10:57:30+00:00\",\"author\":{\"@id\":\"https:\\\/\\\/www.bmac.it\\\/en\\\/#\\\/schema\\\/person\\\/219e232896ac327d665ff3981c8a702d\"},\"breadcrumb\":{\"@id\":\"https:\\\/\\\/www.bmac.it\\\/en\\\/salon-international-london-2013\\\/#breadcrumb\"},\"inLanguage\":\"en-US\",\"potentialAction\":[{\"@type\":\"ReadAction\",\"target\":[\"https:\\\/\\\/www.bmac.it\\\/en\\\/salon-international-london-2013\\\/\"]}]},{\"@type\":\"ImageObject\",\"inLanguage\":\"en-US\",\"@id\":\"https:\\\/\\\/www.bmac.it\\\/en\\\/salon-international-london-2013\\\/#primaryimage\",\"url\":\"https:\\\/\\\/www.bmac.it\\\/wp-content\\\/uploads\\\/2013\\\/09\\\/luca1.jpg\",\"contentUrl\":\"https:\\\/\\\/www.bmac.it\\\/wp-content\\\/uploads\\\/2013\\\/09\\\/luca1.jpg\",\"width\":1166,\"height\":538},{\"@type\":\"BreadcrumbList\",\"@id\":\"https:\\\/\\\/www.bmac.it\\\/en\\\/salon-international-london-2013\\\/#breadcrumb\",\"itemListElement\":[{\"@type\":\"ListItem\",\"position\":1,\"name\":\"Home\",\"item\":\"https:\\\/\\\/www.bmac.it\\\/en\\\/\"},{\"@type\":\"ListItem\",\"position\":2,\"name\":\"Salon International London 2013\"}]},{\"@type\":\"WebSite\",\"@id\":\"https:\\\/\\\/www.bmac.it\\\/en\\\/#website\",\"url\":\"https:\\\/\\\/www.bmac.it\\\/en\\\/\",\"name\":\"Bmac Scissors Europe\",\"description\":\"Forbici parrucchiere professionali giapponesi\",\"potentialAction\":[{\"@type\":\"SearchAction\",\"target\":{\"@type\":\"EntryPoint\",\"urlTemplate\":\"https:\\\/\\\/www.bmac.it\\\/en\\\/?s={search_term_string}\"},\"query-input\":{\"@type\":\"PropertyValueSpecification\",\"valueRequired\":true,\"valueName\":\"search_term_string\"}}],\"inLanguage\":\"en-US\"},{\"@type\":\"Person\",\"@id\":\"https:\\\/\\\/www.bmac.it\\\/en\\\/#\\\/schema\\\/person\\\/219e232896ac327d665ff3981c8a702d\",\"name\":\"Bmac Scissors\",\"image\":{\"@type\":\"ImageObject\",\"inLanguage\":\"en-US\",\"@id\":\"https:\\\/\\\/secure.gravatar.com\\\/avatar\\\/9ce7ae5eaf816b197108311bb8df7124756126e8fdba5aba8019506508a574bd?s=96&d=mm&r=g\",\"url\":\"https:\\\/\\\/secure.gravatar.com\\\/avatar\\\/9ce7ae5eaf816b197108311bb8df7124756126e8fdba5aba8019506508a574bd?s=96&d=mm&r=g\",\"contentUrl\":\"https:\\\/\\\/secure.gravatar.com\\\/avatar\\\/9ce7ae5eaf816b197108311bb8df7124756126e8fdba5aba8019506508a574bd?s=96&d=mm&r=g\",\"caption\":\"Bmac Scissors\"},\"url\":\"https:\\\/\\\/www.bmac.it\\\/en\\\/author\\\/bmacscissors\\\/\"}]}<\/script>\n<!-- \/ Yoast SEO plugin. -->","yoast_head_json":{"title":"Salon International London 2013 - Bmac Scissors Europe","robots":{"index":"index","follow":"follow","max-snippet":"max-snippet:-1","max-image-preview":"max-image-preview:large","max-video-preview":"max-video-preview:-1"},"canonical":"https:\/\/www.bmac.it\/en\/salon-international-london-2013\/","og_locale":"en_US","og_type":"article","og_title":"Salon International London 2013 - Bmac Scissors Europe","og_description":"Non sto pi\u00f9 nella pelle! Quest&#8217;anno ci voglio andare da matti al Salon, da matti. Il Salon \u00e8 forse l&#8217;unica fiera di settore che mi galvanizza ogni anno, quella che mi porta l&#8217;eccitazione di lavorarci, a mille. Quest&#8217;anno poi non parliamone, ho ridisegnato lo stand, ho scattato con la mia fida Leica io stesso il [&hellip;]","og_url":"https:\/\/www.bmac.it\/en\/salon-international-london-2013\/","og_site_name":"Bmac Scissors Europe","article_published_time":"2013-10-10T10:57:30+00:00","og_image":[{"width":1166,"height":538,"url":"https:\/\/www.bmac.it\/wp-content\/uploads\/2013\/09\/luca1.jpg","type":"image\/jpeg"}],"author":"Bmac Scissors","twitter_card":"summary_large_image","twitter_misc":{"Written by":"Bmac Scissors","Est. reading time":"2 minutes"},"schema":{"@context":"https:\/\/schema.org","@graph":[{"@type":"Article","@id":"https:\/\/www.bmac.it\/en\/salon-international-london-2013\/#article","isPartOf":{"@id":"https:\/\/www.bmac.it\/en\/salon-international-london-2013\/"},"author":{"name":"Bmac Scissors","@id":"https:\/\/www.bmac.it\/en\/#\/schema\/person\/219e232896ac327d665ff3981c8a702d"},"headline":"Salon International London 2013","datePublished":"2013-10-10T10:57:30+00:00","mainEntityOfPage":{"@id":"https:\/\/www.bmac.it\/en\/salon-international-london-2013\/"},"wordCount":360,"commentCount":0,"image":{"@id":"https:\/\/www.bmac.it\/en\/salon-international-london-2013\/#primaryimage"},"thumbnailUrl":"https:\/\/www.bmac.it\/wp-content\/uploads\/2013\/09\/luca1.jpg","keywords":["#BMACScissors","#lucamasper","Bmac Scissors Europe","mazella&amp;palmer","salon international london 2013"],"articleSection":["Fiere"],"inLanguage":"en-US","potentialAction":[{"@type":"CommentAction","name":"Comment","target":["https:\/\/www.bmac.it\/en\/salon-international-london-2013\/#respond"]}]},{"@type":"WebPage","@id":"https:\/\/www.bmac.it\/en\/salon-international-london-2013\/","url":"https:\/\/www.bmac.it\/en\/salon-international-london-2013\/","name":"Salon International London 2013 - Bmac Scissors Europe","isPartOf":{"@id":"https:\/\/www.bmac.it\/en\/#website"},"primaryImageOfPage":{"@id":"https:\/\/www.bmac.it\/en\/salon-international-london-2013\/#primaryimage"},"image":{"@id":"https:\/\/www.bmac.it\/en\/salon-international-london-2013\/#primaryimage"},"thumbnailUrl":"https:\/\/www.bmac.it\/wp-content\/uploads\/2013\/09\/luca1.jpg","datePublished":"2013-10-10T10:57:30+00:00","author":{"@id":"https:\/\/www.bmac.it\/en\/#\/schema\/person\/219e232896ac327d665ff3981c8a702d"},"breadcrumb":{"@id":"https:\/\/www.bmac.it\/en\/salon-international-london-2013\/#breadcrumb"},"inLanguage":"en-US","potentialAction":[{"@type":"ReadAction","target":["https:\/\/www.bmac.it\/en\/salon-international-london-2013\/"]}]},{"@type":"ImageObject","inLanguage":"en-US","@id":"https:\/\/www.bmac.it\/en\/salon-international-london-2013\/#primaryimage","url":"https:\/\/www.bmac.it\/wp-content\/uploads\/2013\/09\/luca1.jpg","contentUrl":"https:\/\/www.bmac.it\/wp-content\/uploads\/2013\/09\/luca1.jpg","width":1166,"height":538},{"@type":"BreadcrumbList","@id":"https:\/\/www.bmac.it\/en\/salon-international-london-2013\/#breadcrumb","itemListElement":[{"@type":"ListItem","position":1,"name":"Home","item":"https:\/\/www.bmac.it\/en\/"},{"@type":"ListItem","position":2,"name":"Salon International London 2013"}]},{"@type":"WebSite","@id":"https:\/\/www.bmac.it\/en\/#website","url":"https:\/\/www.bmac.it\/en\/","name":"Bmac Scissors Europe","description":"Forbici parrucchiere professionali giapponesi","potentialAction":[{"@type":"SearchAction","target":{"@type":"EntryPoint","urlTemplate":"https:\/\/www.bmac.it\/en\/?s={search_term_string}"},"query-input":{"@type":"PropertyValueSpecification","valueRequired":true,"valueName":"search_term_string"}}],"inLanguage":"en-US"},{"@type":"Person","@id":"https:\/\/www.bmac.it\/en\/#\/schema\/person\/219e232896ac327d665ff3981c8a702d","name":"Bmac Scissors","image":{"@type":"ImageObject","inLanguage":"en-US","@id":"https:\/\/secure.gravatar.com\/avatar\/9ce7ae5eaf816b197108311bb8df7124756126e8fdba5aba8019506508a574bd?s=96&d=mm&r=g","url":"https:\/\/secure.gravatar.com\/avatar\/9ce7ae5eaf816b197108311bb8df7124756126e8fdba5aba8019506508a574bd?s=96&d=mm&r=g","contentUrl":"https:\/\/secure.gravatar.com\/avatar\/9ce7ae5eaf816b197108311bb8df7124756126e8fdba5aba8019506508a574bd?s=96&d=mm&r=g","caption":"Bmac Scissors"},"url":"https:\/\/www.bmac.it\/en\/author\/bmacscissors\/"}]}},"_links":{"self":[{"href":"https:\/\/www.bmac.it\/en\/wp-json\/wp\/v2\/posts\/4477","targetHints":{"allow":["GET"]}}],"collection":[{"href":"https:\/\/www.bmac.it\/en\/wp-json\/wp\/v2\/posts"}],"about":[{"href":"https:\/\/www.bmac.it\/en\/wp-json\/wp\/v2\/types\/post"}],"author":[{"embeddable":true,"href":"https:\/\/www.bmac.it\/en\/wp-json\/wp\/v2\/users\/7624"}],"replies":[{"embeddable":true,"href":"https:\/\/www.bmac.it\/en\/wp-json\/wp\/v2\/comments?post=4477"}],"version-history":[{"count":0,"href":"https:\/\/www.bmac.it\/en\/wp-json\/wp\/v2\/posts\/4477\/revisions"}],"wp:featuredmedia":[{"embeddable":true,"href":"https:\/\/www.bmac.it\/en\/wp-json\/wp\/v2\/media\/3577"}],"wp:attachment":[{"href":"https:\/\/www.bmac.it\/en\/wp-json\/wp\/v2\/media?parent=4477"}],"wp:term":[{"taxonomy":"category","embeddable":true,"href":"https:\/\/www.bmac.it\/en\/wp-json\/wp\/v2\/categories?post=4477"},{"taxonomy":"post_tag","embeddable":true,"href":"https:\/\/www.bmac.it\/en\/wp-json\/wp\/v2\/tags?post=4477"}],"curies":[{"name":"wp","href":"https:\/\/api.w.org\/{rel}","templated":true}]}}