{"id":4482,"date":"2011-05-25T20:47:07","date_gmt":"2011-05-25T18:47:07","guid":{"rendered":"https:\/\/www.bmac.it\/stanza-404\/"},"modified":"2011-05-25T20:47:07","modified_gmt":"2011-05-25T18:47:07","slug":"stanza-404","status":"publish","type":"post","link":"https:\/\/www.bmac.it\/en\/stanza-404\/","title":{"rendered":"Stanza 404"},"content":{"rendered":"<p style=\"text-align: justify;\">Di solito, se tutto va bene, ovvero, se quando telefono e la gentile receptionist dell&#8217;hotel Europa e Concordia sito in Alassio, mi da risposta affermativa, io dormo li.<\/p>\n<p style=\"text-align: justify;\">Ma solo nella stanza 404.<\/p>\n<p style=\"text-align: justify;\">Sar\u00e0 che la prima volta che l&#8217;ho occupata \u00e9 stato per puro caso, durante uno dei miei viaggi di lavoro in Liguria, qualche quindicina d&#8217;anni orsono.<\/p>\n<p style=\"text-align: justify;\">Sar\u00e0 che poi sempre per puro caso si rivel\u00f2 libera ogni volta che telefonavo preventivamente.<\/p>\n<p style=\"text-align: justify;\">Sar\u00e0 che poi per qualsivoglia motivo dovevo recarmi in Liguria, non abbia pi\u00f9 potuto fare a meno di quella stanza, ma la stanza 404 \u00e9 divenuta una delle mie tante &#8220;seconde case&#8221; in Italia.<\/p>\n<p style=\"text-align: justify;\">Nel mio lungo peregrinare per alberghi mi sono affezionato ad alcuni, dimenticato altri.<\/p>\n<p style=\"text-align: justify;\">La 404 rimane nella mia personalissima posizione tra le tre stanze nelle quali ci torno volentieri, perch\u00e9 mi ci sento a casa.<\/p>\n<p style=\"text-align: justify;\">La 404 si trova al quarto piano dell&#8217;hotel, sullo spigolo di ponente dell&#8217;edificio, ricevendo dunque l&#8217;ultimo e pi\u00f9 caldo sole che tramonta, affacciandosi sulle colline e ovviamente sul mare.<\/p>\n<p style=\"text-align: justify;\">L&#8217;edificio di stile quasi moresco, quantomeno nei colori, non vi far\u00e0 certamente urlare al miracolo, no. Ma quei terrazzi vivibili che vedete sulla parete ad ovest, che si arrampicano dal primo al quarto piano sono una meraviglia. Di un rosso scarlatto meraviglioso al calar del sole. Che girano per buona parte intorno all&#8217;edificio e che dunque vi permettono di avere una vista di almeno oltre 120\u00b0 di panorama ed oggi a trovarne cos\u00ec, scusate, ma non \u00e9 di poco conto.<\/p>\n<p style=\"text-align: justify;\">La 404 poi \u00e9 spaziosa, una grande stanza da letto ed un bagno di buona metratura. Essendo angolare, sfrutta parecchio spazio rispetto ad una stanza di taglio normale. Poi ha quel non so che di datato che mi piace. Il copriletto, l&#8217;armadio. Le salviette in nido d&#8217;ape, bianche.<\/p>\n<p style=\"text-align: justify;\">Sar\u00e0 che mi ricorda gli anni vissuti a Cannes da piccolo, dunque la mia casa che si affacciava quasi in place Gambetta ed in rue d&#8217;Antibes. Una casa modesta al terzo ed ultimo piano in rue Jean Jaur\u00e8s al numero 62. Una casa dove credo di avere passato gli anni pi\u00f9 belli della mia giovane allora, ma tanto sofferta per la separazione dei miei genitori, vita, di un bambino di 8 anni. Una casa dove non esistevano quasi i caloriferi, tanto in inverno al massimo le giornate pi\u00f9 fredde arrivavano a 10\u00b0 e si viveva e respirava il mare in pratica 10 mesi l&#8217;anno.<\/p>\n<p style=\"text-align: justify;\">La 404 mi ricorda da morire gli anni vissuti a Cannes, anni bellissimi, con mia mamma. Anni fondamentali di sviluppo di una mentalit\u00e0 diversa e conformista che mi avrebbe accompagnato per il resto della mia vita, anni bellissimi, struggenti per l&#8217;intensit\u00e0 con la quale li ho vissuti, vicino a mia mamma che con molto coraggio decise dopo la separazione, di cambiare rotta completamente e rifarsi una vita altrove, via da Bergamo. Il destino volle fosse Cannes.<\/p>\n<p style=\"text-align: justify;\">Una Cannes molto diversa da oggi. Una Francia totalmente diversa da oggi.<\/p>\n<p style=\"text-align: justify;\">La Francia delle auto con i fari gialli, la Francia delle scuole basate sulla meritocrazia ed avanzate nell&#8217;insegnamento e nella gestione del futuro cittadino e lavoratore francese. La Francia gi\u00e0 allora densa di algerini, marocchini, una Francia gi\u00e0 quasi multirazziale con le sue persone di colore anche dell&#8217;Africa non solo sub mediterranea. Insomma un paese che quaranta anni fa era gi\u00e0 avanti per molti versi.<\/p>\n<p style=\"text-align: justify;\">E Cannes, che lievemente appoggiata tra il mare e le colline di Super Cannes e della Californie \u00a0(le zone collinari e residenziali) viveva come una tranquilla cittadina del sud francese, baciato dalla fortuna di avere alle spalle il massiccio dell&#8217;Esterel che impedisce quasi come se fosse un muro protettivo, la penetrazione di qualsivoglia perturbazione da Nord Ovest, permettendo alla dolce Cannes di vivere e godere come a Nizza, Antibes, Juan le Pins, Cagnes sur Mer ed in generale un poco tutta la Costa Azzurra, un clima idilliaco per tutto l&#8217;anno.<\/p>\n<p style=\"text-align: justify;\">Un poco come la Liguria dei miei ricordi.<\/p>\n<p style=\"text-align: justify;\">La Liguria che vidi una volta con mio padre a bordo di una fiammante Alfa Romeo Gt Junior blu notte. Un giorno che venne a prendermi in colonia a Genova Nervi e mi riport\u00f2 a casa facendomi fare un viaggio indimenticabile. L&#8217;unico degno di memoria in otto anni. L&#8217;unica traccia rimasta di un uomo che scelse di non avere pi\u00f9 un figlio.<\/p>\n<p style=\"text-align: justify;\">La Liguria che mia mamma mi decantava nel suo viaggio di nozze a Varazze.<\/p>\n<p style=\"text-align: justify;\">La Liguria che nel mio immaginario di un bambino chiuso in collegio non distante da Bergamo, veniva evocata come terra di mare, come sapore di lavanda, come momenti di gioia, lontano da una mamma ed un pap\u00e0 che non andavano pi\u00f9 d&#8217;accordo e che urlavano \u00a0e che quasi incuranti mi cacciavano ogni giorno che li vedevo litigare, nel buio di un armadio di casa mia a Bergamo, dove mi nascondevo per non sentirli urlare, piangendo.<\/p>\n<p style=\"text-align: justify;\">La Liguria!<\/p>\n<p style=\"text-align: justify;\">Crescendo, la Liguria divenne Montale, che lessi allo spasimo.<\/p>\n<p style=\"text-align: justify;\">Divenne Laigueglia ed Alassio dove la mia fidanzatina aveva casa.<\/p>\n<p style=\"text-align: justify;\">Si trasform\u00f2 poi in lavoro e nella conoscenza di Franco Palazzi e pi\u00f9 tardi sempre nella 404 i primi anni di mare pre estivo del mio primo figlio.<\/p>\n<p style=\"text-align: justify;\">Non sono conoscitore della parte di levante e francamente posso asserire di non esserne attratto, troppo distante dalla &#8220;mia&#8221; Liguria dei miei ricordi. Di quella Liguria che si mischia con Cannes che vissi per cinque anni. Di quel sud immaginifico che vede unite la Costa Azzurra sud della Francia e la Liguria sua naturale estensione.<\/p>\n<p style=\"text-align: justify;\">Ecco.<\/p>\n<p style=\"text-align: justify;\">Ogni volta che in reception mi danno la chiave della 404, mi danno la chiave che apre i miei ricordi, magicamente.<\/p>\n<p style=\"text-align: justify;\">A volte davvero dolorosi.<\/p>\n<p style=\"text-align: justify;\">Ma la pi\u00f9 parte invece, felici, dolcissimi.<\/p>\n<p style=\"text-align: justify;\">Come quando sul portapacchi posteriore del Mobilette di mia mamma, di colore bluette, che mi riportava a casa dopo essere stato con lei al lavoro ed averla aspettata sino a sera.<\/p>\n<p style=\"text-align: justify;\">Prima di salire dietro, \u00a0mi dava sempre un piccolo trancio di pizza, gelosamente tenuto in borsa sin dal mattino e comprato alla boulangerie all&#8217;angolo di rue Jean Jaur\u00e9s.Era quadrato, al pomodoro e olive nere, quelle piccole. Il ritorno dal suo posto di lavoro verso casa era il momento pi\u00f9 bello della mia giornata.<\/p>\n<p style=\"text-align: justify;\">Il vento caldo mi scompigliava i capelli ed io piccolo ed aggrappato alla mamma con una mano ed il mio trancio di pizza nell&#8217;altra, sul Boulevard du Midi che ci riportava a casa con il mare alla mia destra e le colline a sinistra, Le narici piene di lavanda della quale era impregnata mia mamma che lavorava in posto dove si coltivavano fiori.<\/p>\n<p style=\"text-align: justify;\">Allora chiudevo \u00a0gli occhi, ed ero tanto, ma tanto felice&#8230;&#8230;<\/p>\n","protected":false},"excerpt":{"rendered":"<p>Di solito, se tutto va bene, ovvero, se quando telefono e la gentile receptionist dell&#8217;hotel Europa e Concordia sito in Alassio, mi da risposta affermativa, io dormo li. Ma solo nella stanza 404. Sar\u00e0 che la prima volta che l&#8217;ho occupata \u00e9 stato per puro caso, durante uno dei miei viaggi di lavoro in Liguria, [&hellip;]<\/p>\n","protected":false},"author":7624,"featured_media":4267,"comment_status":"open","ping_status":"open","sticky":false,"template":"","format":"standard","meta":{"footnotes":""},"categories":[241],"tags":[236],"class_list":["post-4482","post","type-post","status-publish","format-standard","has-post-thumbnail","hentry","category-ilsignoredelleforbici-en","tag-luca-masper-en"],"yoast_head":"<!-- This site is optimized with the Yoast SEO plugin v27.4 - https:\/\/yoast.com\/product\/yoast-seo-wordpress\/ -->\n<title>Stanza 404 - Bmac Scissors Europe<\/title>\n<meta name=\"robots\" content=\"index, follow, max-snippet:-1, max-image-preview:large, max-video-preview:-1\" \/>\n<link rel=\"canonical\" href=\"https:\/\/www.bmac.it\/en\/stanza-404\/\" \/>\n<meta property=\"og:locale\" content=\"en_US\" \/>\n<meta property=\"og:type\" content=\"article\" \/>\n<meta property=\"og:title\" content=\"Stanza 404 - Bmac Scissors Europe\" \/>\n<meta property=\"og:description\" content=\"Di solito, se tutto va bene, ovvero, se quando telefono e la gentile receptionist dell&#8217;hotel Europa e Concordia sito in Alassio, mi da risposta affermativa, io dormo li. Ma solo nella stanza 404. Sar\u00e0 che la prima volta che l&#8217;ho occupata \u00e9 stato per puro caso, durante uno dei miei viaggi di lavoro in Liguria, [&hellip;]\" \/>\n<meta property=\"og:url\" content=\"https:\/\/www.bmac.it\/en\/stanza-404\/\" \/>\n<meta property=\"og:site_name\" content=\"Bmac Scissors Europe\" \/>\n<meta property=\"article:published_time\" content=\"2011-05-25T18:47:07+00:00\" \/>\n<meta property=\"og:image\" content=\"https:\/\/www.bmac.it\/wp-content\/uploads\/2017\/05\/IMG_2300-e1495660952701-765x1024.jpg\" \/>\n\t<meta property=\"og:image:width\" content=\"765\" \/>\n\t<meta property=\"og:image:height\" content=\"1024\" \/>\n\t<meta property=\"og:image:type\" content=\"image\/jpeg\" \/>\n<meta name=\"author\" content=\"Bmac Scissors\" \/>\n<meta name=\"twitter:card\" content=\"summary_large_image\" \/>\n<meta name=\"twitter:label1\" content=\"Written by\" \/>\n\t<meta name=\"twitter:data1\" content=\"Bmac Scissors\" \/>\n\t<meta name=\"twitter:label2\" content=\"Est. reading time\" \/>\n\t<meta name=\"twitter:data2\" content=\"5 minutes\" \/>\n<script type=\"application\/ld+json\" class=\"yoast-schema-graph\">{\"@context\":\"https:\\\/\\\/schema.org\",\"@graph\":[{\"@type\":\"Article\",\"@id\":\"https:\\\/\\\/www.bmac.it\\\/en\\\/stanza-404\\\/#article\",\"isPartOf\":{\"@id\":\"https:\\\/\\\/www.bmac.it\\\/en\\\/stanza-404\\\/\"},\"author\":{\"name\":\"Bmac Scissors\",\"@id\":\"https:\\\/\\\/www.bmac.it\\\/en\\\/#\\\/schema\\\/person\\\/219e232896ac327d665ff3981c8a702d\"},\"headline\":\"Stanza 404\",\"datePublished\":\"2011-05-25T18:47:07+00:00\",\"mainEntityOfPage\":{\"@id\":\"https:\\\/\\\/www.bmac.it\\\/en\\\/stanza-404\\\/\"},\"wordCount\":1109,\"commentCount\":0,\"image\":{\"@id\":\"https:\\\/\\\/www.bmac.it\\\/en\\\/stanza-404\\\/#primaryimage\"},\"thumbnailUrl\":\"https:\\\/\\\/www.bmac.it\\\/wp-content\\\/uploads\\\/2017\\\/05\\\/IMG_2300.jpg\",\"keywords\":[\"luca masper\"],\"articleSection\":[\"ilsignoredelleforbici\"],\"inLanguage\":\"en-US\",\"potentialAction\":[{\"@type\":\"CommentAction\",\"name\":\"Comment\",\"target\":[\"https:\\\/\\\/www.bmac.it\\\/en\\\/stanza-404\\\/#respond\"]}]},{\"@type\":\"WebPage\",\"@id\":\"https:\\\/\\\/www.bmac.it\\\/en\\\/stanza-404\\\/\",\"url\":\"https:\\\/\\\/www.bmac.it\\\/en\\\/stanza-404\\\/\",\"name\":\"Stanza 404 - Bmac Scissors Europe\",\"isPartOf\":{\"@id\":\"https:\\\/\\\/www.bmac.it\\\/en\\\/#website\"},\"primaryImageOfPage\":{\"@id\":\"https:\\\/\\\/www.bmac.it\\\/en\\\/stanza-404\\\/#primaryimage\"},\"image\":{\"@id\":\"https:\\\/\\\/www.bmac.it\\\/en\\\/stanza-404\\\/#primaryimage\"},\"thumbnailUrl\":\"https:\\\/\\\/www.bmac.it\\\/wp-content\\\/uploads\\\/2017\\\/05\\\/IMG_2300.jpg\",\"datePublished\":\"2011-05-25T18:47:07+00:00\",\"author\":{\"@id\":\"https:\\\/\\\/www.bmac.it\\\/en\\\/#\\\/schema\\\/person\\\/219e232896ac327d665ff3981c8a702d\"},\"breadcrumb\":{\"@id\":\"https:\\\/\\\/www.bmac.it\\\/en\\\/stanza-404\\\/#breadcrumb\"},\"inLanguage\":\"en-US\",\"potentialAction\":[{\"@type\":\"ReadAction\",\"target\":[\"https:\\\/\\\/www.bmac.it\\\/en\\\/stanza-404\\\/\"]}]},{\"@type\":\"ImageObject\",\"inLanguage\":\"en-US\",\"@id\":\"https:\\\/\\\/www.bmac.it\\\/en\\\/stanza-404\\\/#primaryimage\",\"url\":\"https:\\\/\\\/www.bmac.it\\\/wp-content\\\/uploads\\\/2017\\\/05\\\/IMG_2300.jpg\",\"contentUrl\":\"https:\\\/\\\/www.bmac.it\\\/wp-content\\\/uploads\\\/2017\\\/05\\\/IMG_2300.jpg\",\"width\":2592,\"height\":1936},{\"@type\":\"BreadcrumbList\",\"@id\":\"https:\\\/\\\/www.bmac.it\\\/en\\\/stanza-404\\\/#breadcrumb\",\"itemListElement\":[{\"@type\":\"ListItem\",\"position\":1,\"name\":\"Home\",\"item\":\"https:\\\/\\\/www.bmac.it\\\/en\\\/\"},{\"@type\":\"ListItem\",\"position\":2,\"name\":\"Stanza 404\"}]},{\"@type\":\"WebSite\",\"@id\":\"https:\\\/\\\/www.bmac.it\\\/en\\\/#website\",\"url\":\"https:\\\/\\\/www.bmac.it\\\/en\\\/\",\"name\":\"Bmac Scissors Europe\",\"description\":\"Forbici parrucchiere professionali giapponesi\",\"potentialAction\":[{\"@type\":\"SearchAction\",\"target\":{\"@type\":\"EntryPoint\",\"urlTemplate\":\"https:\\\/\\\/www.bmac.it\\\/en\\\/?s={search_term_string}\"},\"query-input\":{\"@type\":\"PropertyValueSpecification\",\"valueRequired\":true,\"valueName\":\"search_term_string\"}}],\"inLanguage\":\"en-US\"},{\"@type\":\"Person\",\"@id\":\"https:\\\/\\\/www.bmac.it\\\/en\\\/#\\\/schema\\\/person\\\/219e232896ac327d665ff3981c8a702d\",\"name\":\"Bmac Scissors\",\"image\":{\"@type\":\"ImageObject\",\"inLanguage\":\"en-US\",\"@id\":\"https:\\\/\\\/secure.gravatar.com\\\/avatar\\\/9ce7ae5eaf816b197108311bb8df7124756126e8fdba5aba8019506508a574bd?s=96&d=mm&r=g\",\"url\":\"https:\\\/\\\/secure.gravatar.com\\\/avatar\\\/9ce7ae5eaf816b197108311bb8df7124756126e8fdba5aba8019506508a574bd?s=96&d=mm&r=g\",\"contentUrl\":\"https:\\\/\\\/secure.gravatar.com\\\/avatar\\\/9ce7ae5eaf816b197108311bb8df7124756126e8fdba5aba8019506508a574bd?s=96&d=mm&r=g\",\"caption\":\"Bmac Scissors\"},\"url\":\"https:\\\/\\\/www.bmac.it\\\/en\\\/author\\\/bmacscissors\\\/\"}]}<\/script>\n<!-- \/ Yoast SEO plugin. -->","yoast_head_json":{"title":"Stanza 404 - Bmac Scissors Europe","robots":{"index":"index","follow":"follow","max-snippet":"max-snippet:-1","max-image-preview":"max-image-preview:large","max-video-preview":"max-video-preview:-1"},"canonical":"https:\/\/www.bmac.it\/en\/stanza-404\/","og_locale":"en_US","og_type":"article","og_title":"Stanza 404 - Bmac Scissors Europe","og_description":"Di solito, se tutto va bene, ovvero, se quando telefono e la gentile receptionist dell&#8217;hotel Europa e Concordia sito in Alassio, mi da risposta affermativa, io dormo li. Ma solo nella stanza 404. Sar\u00e0 che la prima volta che l&#8217;ho occupata \u00e9 stato per puro caso, durante uno dei miei viaggi di lavoro in Liguria, [&hellip;]","og_url":"https:\/\/www.bmac.it\/en\/stanza-404\/","og_site_name":"Bmac Scissors Europe","article_published_time":"2011-05-25T18:47:07+00:00","og_image":[{"width":765,"height":1024,"url":"https:\/\/www.bmac.it\/wp-content\/uploads\/2017\/05\/IMG_2300-e1495660952701-765x1024.jpg","type":"image\/jpeg"}],"author":"Bmac Scissors","twitter_card":"summary_large_image","twitter_misc":{"Written by":"Bmac Scissors","Est. reading time":"5 minutes"},"schema":{"@context":"https:\/\/schema.org","@graph":[{"@type":"Article","@id":"https:\/\/www.bmac.it\/en\/stanza-404\/#article","isPartOf":{"@id":"https:\/\/www.bmac.it\/en\/stanza-404\/"},"author":{"name":"Bmac Scissors","@id":"https:\/\/www.bmac.it\/en\/#\/schema\/person\/219e232896ac327d665ff3981c8a702d"},"headline":"Stanza 404","datePublished":"2011-05-25T18:47:07+00:00","mainEntityOfPage":{"@id":"https:\/\/www.bmac.it\/en\/stanza-404\/"},"wordCount":1109,"commentCount":0,"image":{"@id":"https:\/\/www.bmac.it\/en\/stanza-404\/#primaryimage"},"thumbnailUrl":"https:\/\/www.bmac.it\/wp-content\/uploads\/2017\/05\/IMG_2300.jpg","keywords":["luca masper"],"articleSection":["ilsignoredelleforbici"],"inLanguage":"en-US","potentialAction":[{"@type":"CommentAction","name":"Comment","target":["https:\/\/www.bmac.it\/en\/stanza-404\/#respond"]}]},{"@type":"WebPage","@id":"https:\/\/www.bmac.it\/en\/stanza-404\/","url":"https:\/\/www.bmac.it\/en\/stanza-404\/","name":"Stanza 404 - Bmac Scissors Europe","isPartOf":{"@id":"https:\/\/www.bmac.it\/en\/#website"},"primaryImageOfPage":{"@id":"https:\/\/www.bmac.it\/en\/stanza-404\/#primaryimage"},"image":{"@id":"https:\/\/www.bmac.it\/en\/stanza-404\/#primaryimage"},"thumbnailUrl":"https:\/\/www.bmac.it\/wp-content\/uploads\/2017\/05\/IMG_2300.jpg","datePublished":"2011-05-25T18:47:07+00:00","author":{"@id":"https:\/\/www.bmac.it\/en\/#\/schema\/person\/219e232896ac327d665ff3981c8a702d"},"breadcrumb":{"@id":"https:\/\/www.bmac.it\/en\/stanza-404\/#breadcrumb"},"inLanguage":"en-US","potentialAction":[{"@type":"ReadAction","target":["https:\/\/www.bmac.it\/en\/stanza-404\/"]}]},{"@type":"ImageObject","inLanguage":"en-US","@id":"https:\/\/www.bmac.it\/en\/stanza-404\/#primaryimage","url":"https:\/\/www.bmac.it\/wp-content\/uploads\/2017\/05\/IMG_2300.jpg","contentUrl":"https:\/\/www.bmac.it\/wp-content\/uploads\/2017\/05\/IMG_2300.jpg","width":2592,"height":1936},{"@type":"BreadcrumbList","@id":"https:\/\/www.bmac.it\/en\/stanza-404\/#breadcrumb","itemListElement":[{"@type":"ListItem","position":1,"name":"Home","item":"https:\/\/www.bmac.it\/en\/"},{"@type":"ListItem","position":2,"name":"Stanza 404"}]},{"@type":"WebSite","@id":"https:\/\/www.bmac.it\/en\/#website","url":"https:\/\/www.bmac.it\/en\/","name":"Bmac Scissors Europe","description":"Forbici parrucchiere professionali giapponesi","potentialAction":[{"@type":"SearchAction","target":{"@type":"EntryPoint","urlTemplate":"https:\/\/www.bmac.it\/en\/?s={search_term_string}"},"query-input":{"@type":"PropertyValueSpecification","valueRequired":true,"valueName":"search_term_string"}}],"inLanguage":"en-US"},{"@type":"Person","@id":"https:\/\/www.bmac.it\/en\/#\/schema\/person\/219e232896ac327d665ff3981c8a702d","name":"Bmac Scissors","image":{"@type":"ImageObject","inLanguage":"en-US","@id":"https:\/\/secure.gravatar.com\/avatar\/9ce7ae5eaf816b197108311bb8df7124756126e8fdba5aba8019506508a574bd?s=96&d=mm&r=g","url":"https:\/\/secure.gravatar.com\/avatar\/9ce7ae5eaf816b197108311bb8df7124756126e8fdba5aba8019506508a574bd?s=96&d=mm&r=g","contentUrl":"https:\/\/secure.gravatar.com\/avatar\/9ce7ae5eaf816b197108311bb8df7124756126e8fdba5aba8019506508a574bd?s=96&d=mm&r=g","caption":"Bmac Scissors"},"url":"https:\/\/www.bmac.it\/en\/author\/bmacscissors\/"}]}},"_links":{"self":[{"href":"https:\/\/www.bmac.it\/en\/wp-json\/wp\/v2\/posts\/4482","targetHints":{"allow":["GET"]}}],"collection":[{"href":"https:\/\/www.bmac.it\/en\/wp-json\/wp\/v2\/posts"}],"about":[{"href":"https:\/\/www.bmac.it\/en\/wp-json\/wp\/v2\/types\/post"}],"author":[{"embeddable":true,"href":"https:\/\/www.bmac.it\/en\/wp-json\/wp\/v2\/users\/7624"}],"replies":[{"embeddable":true,"href":"https:\/\/www.bmac.it\/en\/wp-json\/wp\/v2\/comments?post=4482"}],"version-history":[{"count":0,"href":"https:\/\/www.bmac.it\/en\/wp-json\/wp\/v2\/posts\/4482\/revisions"}],"wp:featuredmedia":[{"embeddable":true,"href":"https:\/\/www.bmac.it\/en\/wp-json\/wp\/v2\/media\/4267"}],"wp:attachment":[{"href":"https:\/\/www.bmac.it\/en\/wp-json\/wp\/v2\/media?parent=4482"}],"wp:term":[{"taxonomy":"category","embeddable":true,"href":"https:\/\/www.bmac.it\/en\/wp-json\/wp\/v2\/categories?post=4482"},{"taxonomy":"post_tag","embeddable":true,"href":"https:\/\/www.bmac.it\/en\/wp-json\/wp\/v2\/tags?post=4482"}],"curies":[{"name":"wp","href":"https:\/\/api.w.org\/{rel}","templated":true}]}}